{"id":4683,"date":"2020-03-11T13:36:41","date_gmt":"2020-03-11T11:36:41","guid":{"rendered":"https:\/\/intranet-test.umo.stronazen.pl\/?p=4683"},"modified":"2020-03-11T13:36:41","modified_gmt":"2020-03-11T11:36:41","slug":"informacja-o-dodatkowym-zasilku-opiekunczym-na-dziecko-do-lat-8-z-powodu-covid-19","status":"publish","type":"post","link":"https:\/\/intranet-test.umo.stronazen.pl\/?p=4683","title":{"rendered":"Informacja o dodatkowym zasi\u0142ku opieku\u0144czym na dziecko do lat 8 z powodu COVID-19"},"content":{"rendered":"<p style=\"text-align: justify;\"><strong>Szanowni Pa\u0144stwo,<\/strong><\/p>\n<p style=\"text-align: justify;\">poni\u017cej wskazujemy informacje dotycz\u0105ce dodatkowego zasi\u0142ku opieku\u0144czego na czas opieki nad dzieckiem z powodu COVID-19, w zwi\u0105zku z zamkni\u0119ciem \u017c\u0142obka, klubu dzieci\u0119cego, przedszkola lub szko\u0142y.<\/p>\n<ol style=\"text-align: justify;\">\n<li><strong> Komu przys\u0142uguje dodatkowy zasi\u0142ek opieku\u0144czy na czas opieki nad dzieckiem w zwi\u0105zku z zamkni\u0119ciem z powodu COVID-19 \u017c\u0142obka &#8211; klubu dzieci\u0119cego &#8211; przedszkola \u2013 szko\u0142y?<\/strong><\/li>\n<\/ol>\n<p style=\"text-align: justify;\">Dodatkowy zasi\u0142ek opieku\u0144czy przys\u0142uguje rodzicom lub opiekunom prawnym dzieci, kt\u00f3rzy:<\/p>\n<ul style=\"text-align: justify;\">\n<li>opiekuj\u0105 si\u0119 dzieckiem poni\u017cej 8. roku \u017cycia \u2013 z zasi\u0142ku mo\u017cna korzysta\u0107 nie d\u0142u\u017cej ni\u017c do dnia poprzedzaj\u0105cego \u00f3sme urodziny dziecka.<\/li>\n<li>s\u0105 obj\u0119ci ubezpieczeniem chorobowym.<\/li>\n<\/ul>\n<ol style=\"text-align: justify;\" start=\"2\">\n<li><strong> Czy okres dodatkowego zasi\u0142ku opieku\u0144czego wlicza si\u0119 do limitu 60 dni?<\/strong><\/li>\n<\/ol>\n<p style=\"text-align: justify;\">Nie. Okresu wyp\u0142aty dodatkowego zasi\u0142ku opieku\u0144czego (14 dni) nie wlicza si\u0119 do og\u00f3lnego limitu 60 dni, kt\u00f3re przys\u0142uguj\u0105 na opiek\u0119 nad chorym dzieckiem do lat 14.<\/p>\n<ol style=\"text-align: justify;\" start=\"3\">\n<li><strong> Jak uzyska\u0107 dodatkowy zasi\u0142ek opieku\u0144czy?<\/strong><\/li>\n<\/ol>\n<p style=\"text-align: justify;\">Wystarczy z\u0142o\u017cy\u0107 o\u015bwiadczenie do swojego pracodawcy (Referat Kadr).<\/p>\n<p style=\"text-align: justify;\">Poni\u017cej link do o\u015bwiadczenia.<\/p>\n<p style=\"text-align: justify;\">\u00a0<u><a href=\"https:\/\/www.zus.pl\/documents\/10182\/24142\/O%C5%9AWIADCZENIE+dodatkowy+zasi%C5%82ek+opieku%C5%84czy.docx\/2050abcc-fb2c-bee1-e4dc-5ef122d38edd\">Wz\u00f3r o\u015bwiadczenia mo\u017cna pobra\u0107 na stronie internetowej ZUS (plik docx 15kb)<\/a><\/u><u>.<\/u><\/p>\n<ol style=\"text-align: justify;\" start=\"4\">\n<li><strong> Jak wype\u0142ni\u0107 w o\u015bwiadczeniu okres sprawowania osobistej opieki nad dzieckiem ?<\/strong><\/li>\n<\/ol>\n<p style=\"text-align: justify;\">Mo\u017cesz poda\u0107 \u0142\u0105czny okres opieki nad dzieckiem albo wy\u0142\u0105czy\u0107 z tego okresu dni, w kt\u00f3rych nie by\u0142e\u015b zobowi\u0105zany pracowa\u0107, np. sobot\u0119 i niedziel\u0119 lub dziecko mia\u0142o zapewnion\u0105 opiek\u0119.<\/p>\n<ol style=\"text-align: justify;\" start=\"5\">\n<li><strong> Kogo powinienem poinformowa\u0107 o korzystaniu z zasi\u0142ku?<\/strong><\/li>\n<\/ol>\n<p style=\"text-align: justify;\">Pracownik powinien poinformowa\u0107 swojego pracodawc\u0119.<\/p>\n<ol style=\"text-align: justify;\" start=\"6\">\n<li><strong> Kiedy powinienem poinformowa\u0107 o korzystaniu z zasi\u0142ku?<\/strong><\/li>\n<\/ol>\n<p style=\"text-align: justify;\">W dowolnym momencie, ale od tego uzale\u017cniona jest wyp\u0142ata zasi\u0142ku. Bez o\u015bwiadczenia nie jest mo\u017cliwa wyp\u0142ata.<\/p>\n<ol style=\"text-align: justify;\" start=\"7\">\n<li><strong> Jak liczy\u0107 14 dni dodatkowego zasi\u0142ku opieku\u0144czego?<\/strong><\/li>\n<\/ol>\n<p style=\"text-align: justify;\">Zasi\u0142ek opieku\u0144czy jest wyp\u0142acany za ka\u017cdy dzie\u0144 sprawowania opieki.<\/p>\n<p style=\"text-align: justify;\">Je\u015bli oboje rodzice dziecka pracuj\u0105, to o dodatkowy zasi\u0142ek opieku\u0144czy mo\u017ce wyst\u0105pi\u0107 jedno z rodzic\u00f3w. Mog\u0105 te\u017c podzieli\u0107 si\u0119 opiek\u0105 nad dzieckiem w ramach limitu 14 dni. Dodatkowy zasi\u0142ek opieku\u0144czy przys\u0142uguje rodzicom \u0142\u0105cznie przez 14 dni, niezale\u017cnie od liczby dzieci wymagaj\u0105cych opieki.<\/p>\n<ol style=\"text-align: justify;\" start=\"8\">\n<li><strong> Kto finansuje zasi\u0142ek?<\/strong><\/li>\n<\/ol>\n<p style=\"text-align: justify;\">Zasi\u0142ek opieku\u0144czy oraz dodatkowy zasi\u0142ek opieku\u0144czy przys\u0142uguj\u0105 z Funduszu Ubezpiecze\u0144 Spo\u0142ecznych. Oznacza to, \u017ce zasi\u0142ki nie obci\u0105\u017caj\u0105 funduszu pracodawc\u00f3w. Nawet je\u017celi pracodawca wyp\u0142aca zasi\u0142ek (w przypadku gdy jest do tego zobowi\u0105zany), wyp\u0142acone kwoty rozlicza z ZUS.<\/p>\n<p>&nbsp;<\/p>\n<p>&nbsp;<\/p>\n","protected":false},"excerpt":{"rendered":"<p>Szanowni Pa\u0144stwo, poni\u017cej wskazujemy informacje dotycz\u0105ce dodatkowego zasi\u0142ku opieku\u0144czego na czas opieki nad dzieckiem z powodu COVID-19, w zwi\u0105zku z zamkni\u0119ciem \u017c\u0142obka, klubu dzieci\u0119cego, przedszkola lub szko\u0142y. Komu przys\u0142uguje dodatkowy zasi\u0142ek opieku\u0144czy na czas opieki nad dzieckiem w zwi\u0105zku z zamkni\u0119ciem z powodu COVID-19 \u017c\u0142obka &#8211; klubu dzieci\u0119cego &#8211; przedszkola \u2013 szko\u0142y? Dodatkowy zasi\u0142ek opieku\u0144czy przys\u0142uguje rodzicom lub opiekunom prawnym dzieci, kt\u00f3rzy: opiekuj\u0105 si\u0119 dzieckiem poni\u017cej 8. roku \u017cycia \u2013 z zasi\u0142ku mo\u017cna korzysta\u0107 nie&#46;&#46;&#46;<\/p>\n","protected":false},"author":58,"featured_media":0,"comment_status":"closed","ping_status":"closed","sticky":false,"template":"","format":"standard","meta":{"footnotes":""},"categories":[4,26,30],"tags":[],"class_list":["post-4683","post","type-post","status-publish","format-standard","hentry","category-nasze-sprawy","category-ogloszenia","category-wazne"],"_links":{"self":[{"href":"https:\/\/intranet-test.umo.stronazen.pl\/index.php?rest_route=\/wp\/v2\/posts\/4683"}],"collection":[{"href":"https:\/\/intranet-test.umo.stronazen.pl\/index.php?rest_route=\/wp\/v2\/posts"}],"about":[{"href":"https:\/\/intranet-test.umo.stronazen.pl\/index.php?rest_route=\/wp\/v2\/types\/post"}],"author":[{"embeddable":true,"href":"https:\/\/intranet-test.umo.stronazen.pl\/index.php?rest_route=\/wp\/v2\/users\/58"}],"replies":[{"embeddable":true,"href":"https:\/\/intranet-test.umo.stronazen.pl\/index.php?rest_route=%2Fwp%2Fv2%2Fcomments&post=4683"}],"version-history":[{"count":0,"href":"https:\/\/intranet-test.umo.stronazen.pl\/index.php?rest_route=\/wp\/v2\/posts\/4683\/revisions"}],"wp:attachment":[{"href":"https:\/\/intranet-test.umo.stronazen.pl\/index.php?rest_route=%2Fwp%2Fv2%2Fmedia&parent=4683"}],"wp:term":[{"taxonomy":"category","embeddable":true,"href":"https:\/\/intranet-test.umo.stronazen.pl\/index.php?rest_route=%2Fwp%2Fv2%2Fcategories&post=4683"},{"taxonomy":"post_tag","embeddable":true,"href":"https:\/\/intranet-test.umo.stronazen.pl\/index.php?rest_route=%2Fwp%2Fv2%2Ftags&post=4683"}],"curies":[{"name":"wp","href":"https:\/\/api.w.org\/{rel}","templated":true}]}}