{"id":3964,"date":"2019-08-30T08:25:02","date_gmt":"2019-08-30T06:25:02","guid":{"rendered":"https:\/\/intranet-test.umo.stronazen.pl\/?p=3964"},"modified":"2019-08-30T08:25:02","modified_gmt":"2019-08-30T06:25:02","slug":"impreza-integracyjna-4","status":"publish","type":"post","link":"https:\/\/intranet-test.umo.stronazen.pl\/?p=3964","title":{"rendered":"Impreza integracyjna"},"content":{"rendered":"<p style=\"text-align: justify;\"><strong>Szanowni Pa\u0144stwo,<\/strong><\/p>\n<p style=\"text-align: justify;\">Uprzejmie informuj\u0119, \u017ce Prezydent Miasta Opola oraz Zwi\u0105zki Zawodowe zapraszaj\u0105 na imprez\u0119 integracyjn\u0105 o charakterze sportowo-rekreacyjnym, kt\u00f3ra odb\u0119dzie si\u0119 <strong>w dniu 20 wrze\u015bnia 2019 r.<\/strong> od godziny 18:00 przy Karczmie \u201eZag\u0142oba\u201d w Opolu, ul. Strzelecka 80 c.<\/p>\n<p style=\"text-align: justify;\">Zapewniona zostanie oprawa muzyczna oraz pocz\u0119stunek.<\/p>\n<p style=\"text-align: justify;\">\n<p style=\"text-align: justify;\">Naczelnicy Wydzia\u0142\u00f3w\/Biur proszeni s\u0105 o dostarczenie Pani Izabeli Olejnik wykaz\u00f3w os\u00f3b ch\u0119tnych do udzia\u0142u w ww. imprezie integracyjnej w nieprzekraczalnym terminie do dnia 13 wrze\u015bnia 2019 r. w formie elektronicznej na adres:\u00a0 <a href=\"mailto:izabela.olejnik@um.opole.pl\">izabela.olejnik@um.opole.pl<\/a><\/p>\n<p>&nbsp;<\/p>\n<p>Sekretarz Miasta<\/p>\n<p>Grzegorz Marcjasz<\/p>\n","protected":false},"excerpt":{"rendered":"<p>Szanowni Pa\u0144stwo, Uprzejmie informuj\u0119, \u017ce Prezydent Miasta Opola oraz Zwi\u0105zki Zawodowe zapraszaj\u0105 na imprez\u0119 integracyjn\u0105 o charakterze sportowo-rekreacyjnym, kt\u00f3ra odb\u0119dzie si\u0119 w dniu 20 wrze\u015bnia 2019 r. od godziny 18:00 przy Karczmie \u201eZag\u0142oba\u201d w Opolu, ul. Strzelecka 80 c. Zapewniona zostanie oprawa muzyczna oraz pocz\u0119stunek. Naczelnicy Wydzia\u0142\u00f3w\/Biur proszeni s\u0105 o dostarczenie Pani Izabeli Olejnik wykaz\u00f3w os\u00f3b ch\u0119tnych do udzia\u0142u w ww. imprezie integracyjnej w nieprzekraczalnym terminie do dnia 13 wrze\u015bnia 2019 r. w formie elektronicznej&#46;&#46;&#46;<\/p>\n","protected":false},"author":58,"featured_media":0,"comment_status":"closed","ping_status":"closed","sticky":false,"template":"","format":"standard","meta":{"footnotes":""},"categories":[4,26],"tags":[],"class_list":["post-3964","post","type-post","status-publish","format-standard","hentry","category-nasze-sprawy","category-ogloszenia"],"_links":{"self":[{"href":"https:\/\/intranet-test.umo.stronazen.pl\/index.php?rest_route=\/wp\/v2\/posts\/3964"}],"collection":[{"href":"https:\/\/intranet-test.umo.stronazen.pl\/index.php?rest_route=\/wp\/v2\/posts"}],"about":[{"href":"https:\/\/intranet-test.umo.stronazen.pl\/index.php?rest_route=\/wp\/v2\/types\/post"}],"author":[{"embeddable":true,"href":"https:\/\/intranet-test.umo.stronazen.pl\/index.php?rest_route=\/wp\/v2\/users\/58"}],"replies":[{"embeddable":true,"href":"https:\/\/intranet-test.umo.stronazen.pl\/index.php?rest_route=%2Fwp%2Fv2%2Fcomments&post=3964"}],"version-history":[{"count":0,"href":"https:\/\/intranet-test.umo.stronazen.pl\/index.php?rest_route=\/wp\/v2\/posts\/3964\/revisions"}],"wp:attachment":[{"href":"https:\/\/intranet-test.umo.stronazen.pl\/index.php?rest_route=%2Fwp%2Fv2%2Fmedia&parent=3964"}],"wp:term":[{"taxonomy":"category","embeddable":true,"href":"https:\/\/intranet-test.umo.stronazen.pl\/index.php?rest_route=%2Fwp%2Fv2%2Fcategories&post=3964"},{"taxonomy":"post_tag","embeddable":true,"href":"https:\/\/intranet-test.umo.stronazen.pl\/index.php?rest_route=%2Fwp%2Fv2%2Ftags&post=3964"}],"curies":[{"name":"wp","href":"https:\/\/api.w.org\/{rel}","templated":true}]}}