{"id":3367,"date":"2019-03-05T09:29:19","date_gmt":"2019-03-05T07:29:19","guid":{"rendered":"https:\/\/intranet-test.umo.stronazen.pl\/?p=3367"},"modified":"2019-03-05T09:29:19","modified_gmt":"2019-03-05T07:29:19","slug":"podziekowania-marzena-sedlaczek","status":"publish","type":"post","link":"https:\/\/intranet-test.umo.stronazen.pl\/?p=3367","title":{"rendered":"Podzi\u0119kowania Marzena Sedlaczek"},"content":{"rendered":"<p>W zwi\u0105zku z tym, i\u017c 4 marca 2019 jest ostatnim dniem mojej pracy w Urz\u0119dzie Miasta Opola, dzi\u0119kuj\u0119 \u00a0wszystkim z kt\u00f3rymi przysz\u0142o mi wsp\u00f3\u0142pracowa\u0107 przez te kilka lat. Nawi\u0105za\u0142am wiele dobrych znajomo\u015bci kt\u00f3re pozostan\u0105 w moim sercu i mam nadziej\u0119, \u017ce b\u0119dziecie \u00a0Pa\u0144stwo mnie r\u00f3wnie\u017c mi\u0142o wspomina\u0107. Ka\u017cdemu z Was \u017cycz\u0119 zdrowia oraz \u00a0powodzenia w trudnej pracy urz\u0119dniczej . Jeszcze raz dzi\u0119kuj\u0119 za wszelk\u0105 pomoc i \u017cyczliwo\u015b\u0107 (w szczeg\u00f3lno\u015bci s\u0142u\u017cbom finansowym i informatycznym).<\/p>\n<p>Pozdrawiam<\/p>\n<p>Marzena Sedlaczek<\/p>\n","protected":false},"excerpt":{"rendered":"<p>W zwi\u0105zku z tym, i\u017c 4 marca 2019 jest ostatnim dniem mojej pracy w Urz\u0119dzie Miasta Opola, dzi\u0119kuj\u0119 \u00a0wszystkim z kt\u00f3rymi przysz\u0142o mi wsp\u00f3\u0142pracowa\u0107 przez te kilka lat. Nawi\u0105za\u0142am wiele dobrych znajomo\u015bci kt\u00f3re pozostan\u0105 w moim sercu i mam nadziej\u0119, \u017ce b\u0119dziecie \u00a0Pa\u0144stwo mnie r\u00f3wnie\u017c mi\u0142o wspomina\u0107. Ka\u017cdemu z Was \u017cycz\u0119 zdrowia oraz \u00a0powodzenia w trudnej pracy urz\u0119dniczej . Jeszcze raz dzi\u0119kuj\u0119 za wszelk\u0105 pomoc i \u017cyczliwo\u015b\u0107 (w szczeg\u00f3lno\u015bci s\u0142u\u017cbom finansowym i informatycznym). Pozdrawiam Marzena&#46;&#46;&#46;<\/p>\n","protected":false},"author":56,"featured_media":0,"comment_status":"closed","ping_status":"closed","sticky":false,"template":"","format":"standard","meta":{"footnotes":""},"categories":[4],"tags":[],"class_list":["post-3367","post","type-post","status-publish","format-standard","hentry","category-nasze-sprawy"],"_links":{"self":[{"href":"https:\/\/intranet-test.umo.stronazen.pl\/index.php?rest_route=\/wp\/v2\/posts\/3367"}],"collection":[{"href":"https:\/\/intranet-test.umo.stronazen.pl\/index.php?rest_route=\/wp\/v2\/posts"}],"about":[{"href":"https:\/\/intranet-test.umo.stronazen.pl\/index.php?rest_route=\/wp\/v2\/types\/post"}],"author":[{"embeddable":true,"href":"https:\/\/intranet-test.umo.stronazen.pl\/index.php?rest_route=\/wp\/v2\/users\/56"}],"replies":[{"embeddable":true,"href":"https:\/\/intranet-test.umo.stronazen.pl\/index.php?rest_route=%2Fwp%2Fv2%2Fcomments&post=3367"}],"version-history":[{"count":0,"href":"https:\/\/intranet-test.umo.stronazen.pl\/index.php?rest_route=\/wp\/v2\/posts\/3367\/revisions"}],"wp:attachment":[{"href":"https:\/\/intranet-test.umo.stronazen.pl\/index.php?rest_route=%2Fwp%2Fv2%2Fmedia&parent=3367"}],"wp:term":[{"taxonomy":"category","embeddable":true,"href":"https:\/\/intranet-test.umo.stronazen.pl\/index.php?rest_route=%2Fwp%2Fv2%2Fcategories&post=3367"},{"taxonomy":"post_tag","embeddable":true,"href":"https:\/\/intranet-test.umo.stronazen.pl\/index.php?rest_route=%2Fwp%2Fv2%2Ftags&post=3367"}],"curies":[{"name":"wp","href":"https:\/\/api.w.org\/{rel}","templated":true}]}}