{"id":2136,"date":"2018-03-30T09:30:44","date_gmt":"2018-03-30T07:30:44","guid":{"rendered":"https:\/\/intranet-test.umo.stronazen.pl\/?p=2136"},"modified":"2018-03-30T09:30:44","modified_gmt":"2018-03-30T07:30:44","slug":"ogloszenie-dot-godzin-pracy-w-dniu-30-marca-2018r","status":"publish","type":"post","link":"https:\/\/intranet-test.umo.stronazen.pl\/?p=2136","title":{"rendered":"Og\u0142oszenie dot. godzin pracy w dniu 30 marca 2018r."},"content":{"rendered":"<p style=\"text-align: justify;\">Urz\u0105d Miasta Opola w dniu 30.03.2018 r. obs\u0142uguje klient\u00f3w w godzinach 7.30 \u2013 14.00.<\/p>\n<p style=\"text-align: justify;\">\nNatomiast<strong> pracownicy <\/strong>mog\u0105 w tym dniu sukcesywnie wychodzi\u0107 od <strong>godz. 13.00<\/strong>.<\/p>\n<p>&nbsp;<\/p>\n<p style=\"text-align: justify;\">\nZobowi\u0105zuj\u0119 wszystkich kierownik\u00f3w kom\u00f3rek organizacyjnych do zapewnienia\u00a0do godz. 14.00 obs\u0142ugi klient\u00f3w w Wydzia\u0142ach \/Biurach.<\/p>\n<p>&nbsp;<\/p>\n<p>\/-\/ Arkadiusz Wi\u015bniewski<\/p>\n<p>Prezydent Miasta<\/p>\n<p>&nbsp;<\/p>\n<p>&nbsp;<\/p>\n","protected":false},"excerpt":{"rendered":"<p>Urz\u0105d Miasta Opola w dniu 30.03.2018 r. obs\u0142uguje klient\u00f3w w godzinach 7.30 \u2013 14.00. Natomiast pracownicy mog\u0105 w tym dniu sukcesywnie wychodzi\u0107 od godz. 13.00. &nbsp; Zobowi\u0105zuj\u0119 wszystkich kierownik\u00f3w kom\u00f3rek organizacyjnych do zapewnienia\u00a0do godz. 14.00 obs\u0142ugi klient\u00f3w w Wydzia\u0142ach \/Biurach. &nbsp; \/-\/ Arkadiusz Wi\u015bniewski Prezydent Miasta &nbsp; &nbsp;<\/p>\n","protected":false},"author":58,"featured_media":0,"comment_status":"closed","ping_status":"closed","sticky":false,"template":"","format":"standard","meta":{"footnotes":""},"categories":[26],"tags":[],"class_list":["post-2136","post","type-post","status-publish","format-standard","hentry","category-ogloszenia"],"_links":{"self":[{"href":"https:\/\/intranet-test.umo.stronazen.pl\/index.php?rest_route=\/wp\/v2\/posts\/2136"}],"collection":[{"href":"https:\/\/intranet-test.umo.stronazen.pl\/index.php?rest_route=\/wp\/v2\/posts"}],"about":[{"href":"https:\/\/intranet-test.umo.stronazen.pl\/index.php?rest_route=\/wp\/v2\/types\/post"}],"author":[{"embeddable":true,"href":"https:\/\/intranet-test.umo.stronazen.pl\/index.php?rest_route=\/wp\/v2\/users\/58"}],"replies":[{"embeddable":true,"href":"https:\/\/intranet-test.umo.stronazen.pl\/index.php?rest_route=%2Fwp%2Fv2%2Fcomments&post=2136"}],"version-history":[{"count":0,"href":"https:\/\/intranet-test.umo.stronazen.pl\/index.php?rest_route=\/wp\/v2\/posts\/2136\/revisions"}],"wp:attachment":[{"href":"https:\/\/intranet-test.umo.stronazen.pl\/index.php?rest_route=%2Fwp%2Fv2%2Fmedia&parent=2136"}],"wp:term":[{"taxonomy":"category","embeddable":true,"href":"https:\/\/intranet-test.umo.stronazen.pl\/index.php?rest_route=%2Fwp%2Fv2%2Fcategories&post=2136"},{"taxonomy":"post_tag","embeddable":true,"href":"https:\/\/intranet-test.umo.stronazen.pl\/index.php?rest_route=%2Fwp%2Fv2%2Ftags&post=2136"}],"curies":[{"name":"wp","href":"https:\/\/api.w.org\/{rel}","templated":true}]}}